{"id":2086,"date":"2021-10-07T13:19:14","date_gmt":"2021-10-07T11:19:14","guid":{"rendered":"https:\/\/bam-avocats.fr\/?p=2086"},"modified":"2021-10-07T13:21:55","modified_gmt":"2021-10-07T11:21:55","slug":"legitime-defense-me-mercier-obtient-la-relaxe-du-lyceen-ayant-casse-le-nez-de-son-professeur-pour-se-defendre","status":"publish","type":"post","link":"https:\/\/bam-avocats.fr\/en_en\/legitime-defense-me-mercier-obtient-la-relaxe-du-lyceen-ayant-casse-le-nez-de-son-professeur-pour-se-defendre\/","title":{"rendered":"L\u00e9gitime d\u00e9fense : Me MERCIER obtient la relaxe du lyc\u00e9en ayant cass\u00e9 le nez de son professeur pour se d\u00e9fendre"},"content":{"rendered":"<p><\/p>\n\n\n\n<p>L\u2019enqu\u00eate men\u00e9e a d\u00e9montr\u00e9 que le professeur n\u2019aurait pas mis deux gifles, mais une s\u00e9rie de quatre coups de poing sur l\u2019\u00e9l\u00e8ve. Ce dernier, en se relevant et pour se sortir de l\u2019emprise de son professeur avait port\u00e9 un coup lui cassant le nez.<\/p>\n\n\n\n<div class=\"wp-block-buttons is-layout-flex wp-block-buttons-is-layout-flex\">\n<div class=\"wp-block-button\"><a class=\"wp-block-button__link has-very-light-gray-color has-text-color has-background no-border-radius\" href=\"https:\/\/www.francebleu.fr\/infos\/faits-divers-justice\/beziers-relaxe-a-cause-d-un-vice-procedural-1602244956\" style=\"background-color:#d55955\">Voir l&#8217;article<\/a><\/div>\n<\/div>","protected":false},"excerpt":{"rendered":"<p>Le 16 d\u00e9cembre 2019, une bagarre \u00e9clatait dans une classe de Fran\u00e7ais du lyc\u00e9e Henri IV de B\u00e9ziers.<\/p>","protected":false},"author":990002,"featured_media":0,"comment_status":"closed","ping_status":"closed","sticky":false,"template":"","format":"standard","meta":{"footnotes":""},"categories":[1],"tags":[],"class_list":["post-2086","post","type-post","status-publish","format-standard","hentry","category-affaires-plaidees"],"_links":{"self":[{"href":"https:\/\/bam-avocats.fr\/en_en\/wp-json\/wp\/v2\/posts\/2086","targetHints":{"allow":["GET"]}}],"collection":[{"href":"https:\/\/bam-avocats.fr\/en_en\/wp-json\/wp\/v2\/posts"}],"about":[{"href":"https:\/\/bam-avocats.fr\/en_en\/wp-json\/wp\/v2\/types\/post"}],"author":[{"embeddable":true,"href":"https:\/\/bam-avocats.fr\/en_en\/wp-json\/wp\/v2\/users\/990002"}],"replies":[{"embeddable":true,"href":"https:\/\/bam-avocats.fr\/en_en\/wp-json\/wp\/v2\/comments?post=2086"}],"version-history":[{"count":3,"href":"https:\/\/bam-avocats.fr\/en_en\/wp-json\/wp\/v2\/posts\/2086\/revisions"}],"predecessor-version":[{"id":2376,"href":"https:\/\/bam-avocats.fr\/en_en\/wp-json\/wp\/v2\/posts\/2086\/revisions\/2376"}],"wp:attachment":[{"href":"https:\/\/bam-avocats.fr\/en_en\/wp-json\/wp\/v2\/media?parent=2086"}],"wp:term":[{"taxonomy":"category","embeddable":true,"href":"https:\/\/bam-avocats.fr\/en_en\/wp-json\/wp\/v2\/categories?post=2086"},{"taxonomy":"post_tag","embeddable":true,"href":"https:\/\/bam-avocats.fr\/en_en\/wp-json\/wp\/v2\/tags?post=2086"}],"curies":[{"name":"wp","href":"https:\/\/api.w.org\/{rel}","templated":true}]}}