{"id":2044,"date":"2019-03-03T18:22:51","date_gmt":"2019-03-03T17:22:51","guid":{"rendered":"http:\/\/bam-avocats.fr\/?p=2044"},"modified":"2020-06-09T17:23:17","modified_gmt":"2020-06-09T15:23:17","slug":"agde-des-trafiquants-aux-parcours-de-vie-remarquables","status":"publish","type":"post","link":"https:\/\/bam-avocats.fr\/en_en\/agde-des-trafiquants-aux-parcours-de-vie-remarquables\/","title":{"rendered":"Agde : des trafiquants aux parcours de vie remarquables"},"content":{"rendered":"<p><strong>Quatre Agathois \u00e9taient poursuivis pour trafic de coca\u00efne et d\u2019h\u00e9ro\u00efne sur Agde. Ils avaient \u00e9t\u00e9 rep\u00e9r\u00e9s par les gendarmes \u00e0 Florensac il y a quelques mois.<\/strong><\/p>\n\n\n\n<p>Ils ont \u00e9t\u00e9 interpell\u00e9s en d\u00e9but de semaine \u00e0 Agde et jug\u00e9s ce vendredi. Ils ont \u00e9t\u00e9 condamn\u00e9s \u00e0 des peines allant de trois ans dont un avec sursis \u00e0 4 mois pour le moins impliqu\u00e9 pourtant absent \u00e0 l\u2019audience et qui \u00e9tait le seul \u00e0 compara\u00eetre libre.<\/p>\n\n\n\n<p>Au-del\u00e0 des d\u00e9lits commis ce sont les profils de ces quatre individus qui interpellent. La particularit\u00e9 de leurs vies.Des vies bris\u00e9es par la drogue alors que leur avenir semblait prometteur. On ne sait pas grand-chose de l\u2019homme qui n\u2019a pas fait l\u2019honneur de sa pr\u00e9sence au tribunal. Restent deux femmes et un homme.<\/p>\n\n\n\n<div class=\"wp-block-buttons is-layout-flex wp-block-buttons-is-layout-flex\">\n<div class=\"wp-block-button\"><a class=\"wp-block-button__link has-text-color has-very-light-gray-color has-background no-border-radius\" href=\"https:\/\/www.midilibre.fr\/2019\/03\/03\/agde-des-trafiquants-aux-parcours-de-vie-remarquables,8047464.php\" style=\"background-color:#d55955\" target=\"_blank\" rel=\"noreferrer noopener\">Voir l&#8217;article<\/a><\/div>\n<\/div>","protected":false},"excerpt":{"rendered":"<p>Quatre Agathois \u00e9taient poursuivis pour trafic de coca\u00efne et d\u2019h\u00e9ro\u00efne sur Agde. Ils avaient \u00e9t\u00e9 rep\u00e9r\u00e9s par les gendarmes \u00e0 Florensac il y a quelques mois.<\/p>","protected":false},"author":1,"featured_media":0,"comment_status":"closed","ping_status":"closed","sticky":false,"template":"","format":"standard","meta":{"footnotes":""},"categories":[1],"tags":[],"class_list":["post-2044","post","type-post","status-publish","format-standard","hentry","category-affaires-plaidees"],"_links":{"self":[{"href":"https:\/\/bam-avocats.fr\/en_en\/wp-json\/wp\/v2\/posts\/2044","targetHints":{"allow":["GET"]}}],"collection":[{"href":"https:\/\/bam-avocats.fr\/en_en\/wp-json\/wp\/v2\/posts"}],"about":[{"href":"https:\/\/bam-avocats.fr\/en_en\/wp-json\/wp\/v2\/types\/post"}],"author":[{"embeddable":true,"href":"https:\/\/bam-avocats.fr\/en_en\/wp-json\/wp\/v2\/users\/1"}],"replies":[{"embeddable":true,"href":"https:\/\/bam-avocats.fr\/en_en\/wp-json\/wp\/v2\/comments?post=2044"}],"version-history":[{"count":1,"href":"https:\/\/bam-avocats.fr\/en_en\/wp-json\/wp\/v2\/posts\/2044\/revisions"}],"predecessor-version":[{"id":2045,"href":"https:\/\/bam-avocats.fr\/en_en\/wp-json\/wp\/v2\/posts\/2044\/revisions\/2045"}],"wp:attachment":[{"href":"https:\/\/bam-avocats.fr\/en_en\/wp-json\/wp\/v2\/media?parent=2044"}],"wp:term":[{"taxonomy":"category","embeddable":true,"href":"https:\/\/bam-avocats.fr\/en_en\/wp-json\/wp\/v2\/categories?post=2044"},{"taxonomy":"post_tag","embeddable":true,"href":"https:\/\/bam-avocats.fr\/en_en\/wp-json\/wp\/v2\/tags?post=2044"}],"curies":[{"name":"wp","href":"https:\/\/api.w.org\/{rel}","templated":true}]}}