{"id":2040,"date":"2018-09-10T18:19:48","date_gmt":"2018-09-10T16:19:48","guid":{"rendered":"http:\/\/bam-avocats.fr\/?p=2040"},"modified":"2022-05-25T10:28:52","modified_gmt":"2022-05-25T08:28:52","slug":"justice-6-ans-de-prison-apres-le-casse-du-leader-price-de-vias","status":"publish","type":"post","link":"https:\/\/bam-avocats.fr\/en_en\/justice-6-ans-de-prison-apres-le-casse-du-leader-price-de-vias\/","title":{"rendered":"Deux hommes jug\u00e9s pour le casse du Leader Price de Vias : le client de Me MERCIER relax\u00e9, le second pr\u00e9venu condamn\u00e9 \u00e0 6 ans de prison"},"content":{"rendered":"<p>Au mois de septembre 2015, trois hommes sont film\u00e9s durant le cambriolage, puis le casse du Leader Price&nbsp;\u00e0&nbsp;Vias. Ils ont \u00e9t\u00e9 convoqu\u00e9s devant le tribunal de B\u00e9ziers&nbsp;afin de se justifier. Les deux pr\u00e9venus n&#8217;ont pas eu \u00e0 faire face \u00e0 la victime qui ne s&#8217;est pas pr\u00e9sent\u00e9e \u00e0 l&#8217;audience. Le commerce n&#8217;\u00e9tait d&#8217;ailleurs pas partie civile dans ce dossier. Un des pr\u00e9venus&nbsp;a \u00e9t\u00e9 relax\u00e9. Le second a \u00e9t\u00e9 condamn\u00e9 \u00e0 six ans de prison et plac\u00e9 sous mandat de d\u00e9p\u00f4t.<\/p>\n\n\n\n<div class=\"wp-block-buttons is-layout-flex wp-block-buttons-is-layout-flex\">\n<div class=\"wp-block-button\"><a class=\"wp-block-button__link has-very-light-gray-color has-text-color has-background\" href=\"https:\/\/www.midilibre.fr\/2018\/09\/10\/vias-6-ans-de-prison-apres-le-casse-du-leader-price,4693647.php\" style=\"background-color:#d55955\" target=\"_blank\" rel=\"noreferrer noopener\">Voir l&#8217;article<\/a><\/div>\n<\/div>","protected":false},"excerpt":{"rendered":"<p>Deux hommes \u00e9taient poursuivis pour le casse du Leader Price de Vias dans lequel plus de 70 000 \u20ac avaient disparu du coffre fort.<\/p>","protected":false},"author":1,"featured_media":0,"comment_status":"closed","ping_status":"closed","sticky":false,"template":"","format":"standard","meta":{"footnotes":""},"categories":[1],"tags":[],"class_list":["post-2040","post","type-post","status-publish","format-standard","hentry","category-affaires-plaidees"],"_links":{"self":[{"href":"https:\/\/bam-avocats.fr\/en_en\/wp-json\/wp\/v2\/posts\/2040","targetHints":{"allow":["GET"]}}],"collection":[{"href":"https:\/\/bam-avocats.fr\/en_en\/wp-json\/wp\/v2\/posts"}],"about":[{"href":"https:\/\/bam-avocats.fr\/en_en\/wp-json\/wp\/v2\/types\/post"}],"author":[{"embeddable":true,"href":"https:\/\/bam-avocats.fr\/en_en\/wp-json\/wp\/v2\/users\/1"}],"replies":[{"embeddable":true,"href":"https:\/\/bam-avocats.fr\/en_en\/wp-json\/wp\/v2\/comments?post=2040"}],"version-history":[{"count":3,"href":"https:\/\/bam-avocats.fr\/en_en\/wp-json\/wp\/v2\/posts\/2040\/revisions"}],"predecessor-version":[{"id":2108,"href":"https:\/\/bam-avocats.fr\/en_en\/wp-json\/wp\/v2\/posts\/2040\/revisions\/2108"}],"wp:attachment":[{"href":"https:\/\/bam-avocats.fr\/en_en\/wp-json\/wp\/v2\/media?parent=2040"}],"wp:term":[{"taxonomy":"category","embeddable":true,"href":"https:\/\/bam-avocats.fr\/en_en\/wp-json\/wp\/v2\/categories?post=2040"},{"taxonomy":"post_tag","embeddable":true,"href":"https:\/\/bam-avocats.fr\/en_en\/wp-json\/wp\/v2\/tags?post=2040"}],"curies":[{"name":"wp","href":"https:\/\/api.w.org\/{rel}","templated":true}]}}