{"id":2038,"date":"2018-08-17T18:18:23","date_gmt":"2018-08-17T16:18:23","guid":{"rendered":"http:\/\/bam-avocats.fr\/?p=2038"},"modified":"2020-06-09T17:24:39","modified_gmt":"2020-06-09T15:24:39","slug":"un-pedophile-condamne-a-sept-ans-de-prison-par-le-tribunal-de-beziers","status":"publish","type":"post","link":"https:\/\/bam-avocats.fr\/en_en\/un-pedophile-condamne-a-sept-ans-de-prison-par-le-tribunal-de-beziers\/","title":{"rendered":"Un p\u00e9dophile condamn\u00e9 \u00e0 sept ans de prison par le tribunal de B\u00e9ziers"},"content":{"rendered":"<p><strong>Un habitant de Valras-Plage dans l&#8217;H\u00e9rault a \u00e9t\u00e9 reconnu coupable d&#8217;agressions sexuelles et d\u00e9tention d&#8217;images p\u00e9dopornographiques. Il a \u00e9t\u00e9 condamn\u00e9, jeudi, \u00e0 sept ans de prison ferme par le tribunal correctionnel de B\u00e9ziers.<\/strong><\/p>\n\n\n\n<p>Un homme de 39 ans a \u00e9t\u00e9 condamn\u00e9 jeudi par le tribunal correctionnel de B\u00e9ziers \u00e0&nbsp;<strong>sept ans de prison ferme<\/strong>. Ce p\u00e9dophile, h\u00e9berg\u00e9 chez ses parents \u00e0 Valras-Plage dans l&#8217;H\u00e9rault, \u00e9tait poursuivi pour agressions sexuelles sur enfants de moins de 15 ans et tentative de corruption de mineurs. Les faits se sont produits dans l\u2019Oise entre 2009 et 2017. &nbsp;<\/p>\n\n\n\n<div class=\"wp-block-buttons is-layout-flex wp-block-buttons-is-layout-flex\">\n<div class=\"wp-block-button\"><a class=\"wp-block-button__link has-text-color has-very-light-gray-color has-background no-border-radius\" href=\"https:\/\/www.francebleu.fr\/infos\/faits-divers-justice\/un-pedophile-condamne-a-7-ans-de-prison-par-le-tribunal-de-beziers-1534498493\" style=\"background-color:#d55955\" target=\"_blank\" rel=\"noreferrer noopener\">Voir l&#8217;article<\/a><\/div>\n<\/div>","protected":false},"excerpt":{"rendered":"<p>Un habitant de Valras-Plage dans l&#8217;H\u00e9rault a \u00e9t\u00e9 reconnu coupable d&#8217;agressions sexuelles et d\u00e9tention d&#8217;images p\u00e9dopornographiques. Il a \u00e9t\u00e9 condamn\u00e9, jeudi, \u00e0 sept ans de prison ferme par le tribunal correctionnel de B\u00e9ziers.<\/p>","protected":false},"author":1,"featured_media":0,"comment_status":"closed","ping_status":"closed","sticky":false,"template":"","format":"standard","meta":{"footnotes":""},"categories":[1],"tags":[],"class_list":["post-2038","post","type-post","status-publish","format-standard","hentry","category-affaires-plaidees"],"_links":{"self":[{"href":"https:\/\/bam-avocats.fr\/en_en\/wp-json\/wp\/v2\/posts\/2038","targetHints":{"allow":["GET"]}}],"collection":[{"href":"https:\/\/bam-avocats.fr\/en_en\/wp-json\/wp\/v2\/posts"}],"about":[{"href":"https:\/\/bam-avocats.fr\/en_en\/wp-json\/wp\/v2\/types\/post"}],"author":[{"embeddable":true,"href":"https:\/\/bam-avocats.fr\/en_en\/wp-json\/wp\/v2\/users\/1"}],"replies":[{"embeddable":true,"href":"https:\/\/bam-avocats.fr\/en_en\/wp-json\/wp\/v2\/comments?post=2038"}],"version-history":[{"count":2,"href":"https:\/\/bam-avocats.fr\/en_en\/wp-json\/wp\/v2\/posts\/2038\/revisions"}],"predecessor-version":[{"id":2048,"href":"https:\/\/bam-avocats.fr\/en_en\/wp-json\/wp\/v2\/posts\/2038\/revisions\/2048"}],"wp:attachment":[{"href":"https:\/\/bam-avocats.fr\/en_en\/wp-json\/wp\/v2\/media?parent=2038"}],"wp:term":[{"taxonomy":"category","embeddable":true,"href":"https:\/\/bam-avocats.fr\/en_en\/wp-json\/wp\/v2\/categories?post=2038"},{"taxonomy":"post_tag","embeddable":true,"href":"https:\/\/bam-avocats.fr\/en_en\/wp-json\/wp\/v2\/tags?post=2038"}],"curies":[{"name":"wp","href":"https:\/\/api.w.org\/{rel}","templated":true}]}}