{"id":2036,"date":"2017-09-30T18:15:55","date_gmt":"2017-09-30T16:15:55","guid":{"rendered":"http:\/\/bam-avocats.fr\/?p=2036"},"modified":"2020-06-09T17:25:03","modified_gmt":"2020-06-09T15:25:03","slug":"beziers-detention-prolongee-apres-lagression-de-trois-surveillants","status":"publish","type":"post","link":"https:\/\/bam-avocats.fr\/en_en\/beziers-detention-prolongee-apres-lagression-de-trois-surveillants\/","title":{"rendered":"B\u00e9ziers : d\u00e9tention prolong\u00e9e apr\u00e8s l&#8217;agression de trois surveillants"},"content":{"rendered":"<p><strong>Un d\u00e9tenu condamn\u00e9 a \u00e9t\u00e9 condamn\u00e9 par le tribunal de B\u00e9ziers \u00e0 un an de prison et des dommages et int\u00e9r\u00eats \u00e0 verser aux surveillants.<\/strong><\/p>\n\n\n\n<p>Le d\u00e9tenu, qui a bless\u00e9 trois surveillants de prison, le 14 septembre dernier, a \u00e9t\u00e9 condamn\u00e9 \u00e0 un an de plus et maintenu en d\u00e9tention. Il devra aussi verser des dommages et int\u00e9r\u00eats aux victimes.<br>Des trous de m\u00e9moire<br>Le proc\u00e8s du pr\u00e9venu \u00e9tait attendu par les surveillants. Deux d\u2019entre eux \u00e9taient dans la salle d\u2019audience pour assister aux d\u00e9bats. Ils ont sans aucun doute \u00e9t\u00e9 d\u00e9\u00e7us, car le mis en cause a eu une perte de m\u00e9moire s\u00e9lective. S\u2019il s\u2019est parfaitement souvenu des coups et autres mis\u00e8res que lui auraient inflig\u00e9es les gardiens\u2005: \u00ab\u2005J\u2019ai perdu la m\u00e9moire depuis les faits. Je ne sais pas ce qui s\u2019est pass\u00e9. J\u2019ai un trou blanc dans ma t\u00eate\u2005\u00bb, a-t-il assur\u00e9 au pr\u00e9sident Barbier.<\/p>\n\n\n\n<div class=\"wp-block-buttons is-layout-flex wp-block-buttons-is-layout-flex\">\n<div class=\"wp-block-button\"><a class=\"wp-block-button__link has-text-color has-very-light-gray-color has-background no-border-radius\" href=\"https:\/\/www.midilibre.fr\/2017\/09\/30\/beziers-detention-prolongee-apres-l-agression-de-trois-surveillants,1568113.php\" style=\"background-color:#d55955\" target=\"_blank\" rel=\"noreferrer noopener\">Voir l&#8217;article<\/a><\/div>\n<\/div>","protected":false},"excerpt":{"rendered":"<p>Un d\u00e9tenu condamn\u00e9 a \u00e9t\u00e9 condamn\u00e9 par le tribunal de B\u00e9ziers \u00e0 un an de prison et des dommages et int\u00e9r\u00eats \u00e0 verser aux surveillants.<\/p>","protected":false},"author":1,"featured_media":0,"comment_status":"closed","ping_status":"closed","sticky":false,"template":"","format":"standard","meta":{"footnotes":""},"categories":[1],"tags":[],"class_list":["post-2036","post","type-post","status-publish","format-standard","hentry","category-affaires-plaidees"],"_links":{"self":[{"href":"https:\/\/bam-avocats.fr\/en_en\/wp-json\/wp\/v2\/posts\/2036","targetHints":{"allow":["GET"]}}],"collection":[{"href":"https:\/\/bam-avocats.fr\/en_en\/wp-json\/wp\/v2\/posts"}],"about":[{"href":"https:\/\/bam-avocats.fr\/en_en\/wp-json\/wp\/v2\/types\/post"}],"author":[{"embeddable":true,"href":"https:\/\/bam-avocats.fr\/en_en\/wp-json\/wp\/v2\/users\/1"}],"replies":[{"embeddable":true,"href":"https:\/\/bam-avocats.fr\/en_en\/wp-json\/wp\/v2\/comments?post=2036"}],"version-history":[{"count":1,"href":"https:\/\/bam-avocats.fr\/en_en\/wp-json\/wp\/v2\/posts\/2036\/revisions"}],"predecessor-version":[{"id":2037,"href":"https:\/\/bam-avocats.fr\/en_en\/wp-json\/wp\/v2\/posts\/2036\/revisions\/2037"}],"wp:attachment":[{"href":"https:\/\/bam-avocats.fr\/en_en\/wp-json\/wp\/v2\/media?parent=2036"}],"wp:term":[{"taxonomy":"category","embeddable":true,"href":"https:\/\/bam-avocats.fr\/en_en\/wp-json\/wp\/v2\/categories?post=2036"},{"taxonomy":"post_tag","embeddable":true,"href":"https:\/\/bam-avocats.fr\/en_en\/wp-json\/wp\/v2\/tags?post=2036"}],"curies":[{"name":"wp","href":"https:\/\/api.w.org\/{rel}","templated":true}]}}