{"id":2034,"date":"2018-08-06T18:13:30","date_gmt":"2018-08-06T16:13:30","guid":{"rendered":"http:\/\/bam-avocats.fr\/?p=2034"},"modified":"2020-06-09T17:25:26","modified_gmt":"2020-06-09T15:25:26","slug":"au-tribunal-de-beziers-3-ans-de-prison-pour-avoir-frappe-sa-compagne-a-coups-de-poing","status":"publish","type":"post","link":"https:\/\/bam-avocats.fr\/en_en\/au-tribunal-de-beziers-3-ans-de-prison-pour-avoir-frappe-sa-compagne-a-coups-de-poing\/","title":{"rendered":"Au tribunal de B\u00e9ziers : 3 ans de prison pour avoir frapp\u00e9 sa compagne \u00e0 coups de poing"},"content":{"rendered":"<p><strong>D\u00e9j\u00e0 condamn\u00e9 pour des faits similaires en juin 2016, le trentenaire battait sa femme &#8220;sans faire expr\u00e8s&#8221;.<\/strong><\/p>\n\n\n\n<p>Fin juillet, un homme de 38 ans est interpell\u00e9 pour violence sur concubin. D\u00e9j\u00e0 condamn\u00e9 pour des faits similaires en juin 2016, il est escort\u00e9 dans le box du tribunal de B\u00e9ziers o\u00f9 il est convoqu\u00e9 pour une comparution imm\u00e9diate. Il d\u00e9cide, sous les conseils de Me Mangin, d\u2019\u00eatre jug\u00e9 imm\u00e9diatement. La pr\u00e9sidente, Claire Ougier, raconte que dimanche 29, une femme de 25 ans vient porter plainte au commissariat. L\u2019homme, avec qui elle vit en couple depuis 6 ans, est violent depuis quatre ans.<\/p>\n\n\n\n<p>En 2016, son concubin a beau avoir \u00e9t\u00e9 condamn\u00e9 \u00e0 de la prison et interdit de contact, elle est retourn\u00e9e avec lui &#8220;par amour&#8221;. Mais, le 28 juillet, \u00e0 19 h 30, par jalousie, il l\u2019aurait attrap\u00e9e par le bras, tir\u00e9e par l\u2019arri\u00e8re, ass\u00e9n\u00e9 des coups de poing au visage, \u00e9trangl\u00e9e une fois \u00e0 terre et port\u00e9 des gifles. Gr\u00e2ce \u00e0 des morsures et en criant \u00e0 l\u2019aide, un voisin intervient et stoppe la violence.<\/p>\n\n\n\n<div class=\"wp-block-buttons is-layout-flex wp-block-buttons-is-layout-flex\">\n<div class=\"wp-block-button\"><a class=\"wp-block-button__link has-text-color has-very-light-gray-color has-background no-border-radius\" href=\"https:\/\/www.midilibre.fr\/2018\/08\/06\/au-tribunal-de-beziers-elle-aimait-les-coups-mais-au-lit,4670883.php\" style=\"background-color:#d55955\" target=\"_blank\" rel=\"noreferrer noopener\">Voir l&#8217;article<\/a><\/div>\n<\/div>","protected":false},"excerpt":{"rendered":"<p>D\u00e9j\u00e0 condamn\u00e9 pour des faits similaires en juin 2016, le trentenaire battait sa femme &#8220;sans faire expr\u00e8s&#8221;.<\/p>","protected":false},"author":1,"featured_media":0,"comment_status":"closed","ping_status":"closed","sticky":false,"template":"","format":"standard","meta":{"footnotes":""},"categories":[1],"tags":[],"class_list":["post-2034","post","type-post","status-publish","format-standard","hentry","category-affaires-plaidees"],"_links":{"self":[{"href":"https:\/\/bam-avocats.fr\/en_en\/wp-json\/wp\/v2\/posts\/2034","targetHints":{"allow":["GET"]}}],"collection":[{"href":"https:\/\/bam-avocats.fr\/en_en\/wp-json\/wp\/v2\/posts"}],"about":[{"href":"https:\/\/bam-avocats.fr\/en_en\/wp-json\/wp\/v2\/types\/post"}],"author":[{"embeddable":true,"href":"https:\/\/bam-avocats.fr\/en_en\/wp-json\/wp\/v2\/users\/1"}],"replies":[{"embeddable":true,"href":"https:\/\/bam-avocats.fr\/en_en\/wp-json\/wp\/v2\/comments?post=2034"}],"version-history":[{"count":1,"href":"https:\/\/bam-avocats.fr\/en_en\/wp-json\/wp\/v2\/posts\/2034\/revisions"}],"predecessor-version":[{"id":2035,"href":"https:\/\/bam-avocats.fr\/en_en\/wp-json\/wp\/v2\/posts\/2034\/revisions\/2035"}],"wp:attachment":[{"href":"https:\/\/bam-avocats.fr\/en_en\/wp-json\/wp\/v2\/media?parent=2034"}],"wp:term":[{"taxonomy":"category","embeddable":true,"href":"https:\/\/bam-avocats.fr\/en_en\/wp-json\/wp\/v2\/categories?post=2034"},{"taxonomy":"post_tag","embeddable":true,"href":"https:\/\/bam-avocats.fr\/en_en\/wp-json\/wp\/v2\/tags?post=2034"}],"curies":[{"name":"wp","href":"https:\/\/api.w.org\/{rel}","templated":true}]}}