{"id":2030,"date":"2019-09-09T18:10:29","date_gmt":"2019-09-09T16:10:29","guid":{"rendered":"http:\/\/bam-avocats.fr\/?p=2030"},"modified":"2021-10-07T11:16:40","modified_gmt":"2021-10-07T09:16:40","slug":"biterrois-qui-est-le-braqueur-arrete-par-les-gendarmes","status":"publish","type":"post","link":"https:\/\/bam-avocats.fr\/en_en\/biterrois-qui-est-le-braqueur-arrete-par-les-gendarmes\/","title":{"rendered":"Biterrois : qui est le braqueur arr\u00eat\u00e9 par les gendarmes ?"},"content":{"rendered":"<p><strong>Mardi, il a braqu\u00e9 le bureau de tabac de Montady. Mercredi, il \u00e9tait identifi\u00e9 et appr\u00e9hend\u00e9.<\/strong><\/p>\n\n\n\n<p>En ce d\u00e9but de semaine, un homme a mobilis\u00e9 toute l\u2019attention des forces de l\u2019ordre, et notamment de la gendarmerie, apr\u00e8s le braquage de deux stations-service, celui d\u2019<a href=\"https:\/\/www.midilibre.fr\/2019\/09\/07\/biterrois-confondu-par-son-immatriculation-lauteur-de-quatre-braquages-arrete,8398346.php\">un bureau de tabac \u00e0 Montady<\/a>, mais aussi l\u2019agression d\u2019une prostitu\u00e9e \u00e0 B\u00e9ziers.<\/p>\n\n\n\n<p>Identifi\u00e9, l\u2019homme a \u00e9t\u00e9 arr\u00eat\u00e9 et plac\u00e9 en d\u00e9tention provisoire apr\u00e8s une premi\u00e8re comparution devant le tribunal de B\u00e9ziers.<\/p>\n\n\n\n<p>Il sera jug\u00e9 le 2 octobre prochain pour l\u2019ensemble des faits qui lui sont reproch\u00e9s.<\/p>\n\n\n\n<div class=\"wp-block-buttons is-layout-flex wp-block-buttons-is-layout-flex\">\n<div class=\"wp-block-button\"><a class=\"wp-block-button__link has-very-light-gray-color has-text-color has-background no-border-radius\" href=\"https:\/\/www.francebleu.fr\/infos\/faits-divers-justice\/beziers-relaxe-a-cause-d-un-vice-procedural-1602244956\" style=\"background-color:#d55955\">Voir l&#8217;article<\/a><\/div>\n<\/div>","protected":false},"excerpt":{"rendered":"<p>Mardi, il a braqu\u00e9 le bureau de tabac de Montady. Mercredi, il \u00e9tait identifi\u00e9 et appr\u00e9hend\u00e9.<\/p>","protected":false},"author":1,"featured_media":0,"comment_status":"closed","ping_status":"closed","sticky":false,"template":"","format":"standard","meta":{"footnotes":""},"categories":[1],"tags":[],"class_list":["post-2030","post","type-post","status-publish","format-standard","hentry","category-affaires-plaidees"],"_links":{"self":[{"href":"https:\/\/bam-avocats.fr\/en_en\/wp-json\/wp\/v2\/posts\/2030","targetHints":{"allow":["GET"]}}],"collection":[{"href":"https:\/\/bam-avocats.fr\/en_en\/wp-json\/wp\/v2\/posts"}],"about":[{"href":"https:\/\/bam-avocats.fr\/en_en\/wp-json\/wp\/v2\/types\/post"}],"author":[{"embeddable":true,"href":"https:\/\/bam-avocats.fr\/en_en\/wp-json\/wp\/v2\/users\/1"}],"replies":[{"embeddable":true,"href":"https:\/\/bam-avocats.fr\/en_en\/wp-json\/wp\/v2\/comments?post=2030"}],"version-history":[{"count":2,"href":"https:\/\/bam-avocats.fr\/en_en\/wp-json\/wp\/v2\/posts\/2030\/revisions"}],"predecessor-version":[{"id":2081,"href":"https:\/\/bam-avocats.fr\/en_en\/wp-json\/wp\/v2\/posts\/2030\/revisions\/2081"}],"wp:attachment":[{"href":"https:\/\/bam-avocats.fr\/en_en\/wp-json\/wp\/v2\/media?parent=2030"}],"wp:term":[{"taxonomy":"category","embeddable":true,"href":"https:\/\/bam-avocats.fr\/en_en\/wp-json\/wp\/v2\/categories?post=2030"},{"taxonomy":"post_tag","embeddable":true,"href":"https:\/\/bam-avocats.fr\/en_en\/wp-json\/wp\/v2\/tags?post=2030"}],"curies":[{"name":"wp","href":"https:\/\/api.w.org\/{rel}","templated":true}]}}