{"id":2023,"date":"2018-05-15T18:07:26","date_gmt":"2018-05-15T16:07:26","guid":{"rendered":"http:\/\/bam-avocats.fr\/?p=2023"},"modified":"2020-06-09T17:26:32","modified_gmt":"2020-06-09T15:26:32","slug":"beziers-cinq-ans-de-prison-pour-lagresseur-sexuel-dune-enfant-de-9-ans","status":"publish","type":"post","link":"https:\/\/bam-avocats.fr\/en_en\/beziers-cinq-ans-de-prison-pour-lagresseur-sexuel-dune-enfant-de-9-ans\/","title":{"rendered":"B\u00e9ziers : cinq ans de prison pour l&#8217;agresseur sexuel d&#8217;une enfant de 9 ans"},"content":{"rendered":"<p><strong>Le pr\u00e9venu a \u00e9t\u00e9 condamn\u00e9 \u00e0 cinq ans de d\u00e9tention. Sa victime \u00e9tait la fille de ses amis d&#8217;enfance.<\/strong><\/p>\n\n\n\n<p>Un homme de 43 ans a \u00e9t\u00e9 condamn\u00e9 \u00e0 cinq ans de prison pour avoir agress\u00e9 sexuellement la fille de ses amis d\u2019enfance qui l\u2019h\u00e9bergeaient alors qu\u2019il avait des soucis. Il n\u2019a plus le droit de rentrer en contact avec les mineurs, il est aussi interdit de s\u00e9jour durant cinq ans dans l\u2019H\u00e9rault. Il devra s\u2019acquitter de la somme de 10 000 \u20ac de pr\u00e9judice moral pour sa victime et 5 000 \u20ac \u00e0 chacun des parents. Il a \u00e9t\u00e9 inscrit au fichier national des d\u00e9linquants sexuels.<\/p>\n\n\n\n<p>Les faits ont \u00e9t\u00e9 r\u00e9v\u00e9l\u00e9s par la victime qui a tout racont\u00e9 \u00e0 ses parents au mois de janvier 2017. Le mis en cause \u00e9tait log\u00e9 chez le p\u00e8re et il voyait la victime une semaine sur deux car les parents sont divorc\u00e9s.<\/p>\n\n\n\n<div class=\"wp-block-buttons is-layout-flex wp-block-buttons-is-layout-flex\">\n<div class=\"wp-block-button\"><a class=\"wp-block-button__link has-text-color has-very-light-gray-color has-background no-border-radius\" style=\"background-color:#d55955\" target=\"_blank\" rel=\"noreferrer noopener\">Voir l&#8217;article<\/a><\/div>\n<\/div>","protected":false},"excerpt":{"rendered":"<p>Le pr\u00e9venu a \u00e9t\u00e9 condamn\u00e9 \u00e0 cinq ans de d\u00e9tention. Sa victime \u00e9tait la fille de ses amis d&#8217;enfance.<\/p>","protected":false},"author":1,"featured_media":0,"comment_status":"closed","ping_status":"closed","sticky":false,"template":"","format":"standard","meta":{"footnotes":""},"categories":[1],"tags":[],"class_list":["post-2023","post","type-post","status-publish","format-standard","hentry","category-affaires-plaidees"],"_links":{"self":[{"href":"https:\/\/bam-avocats.fr\/en_en\/wp-json\/wp\/v2\/posts\/2023","targetHints":{"allow":["GET"]}}],"collection":[{"href":"https:\/\/bam-avocats.fr\/en_en\/wp-json\/wp\/v2\/posts"}],"about":[{"href":"https:\/\/bam-avocats.fr\/en_en\/wp-json\/wp\/v2\/types\/post"}],"author":[{"embeddable":true,"href":"https:\/\/bam-avocats.fr\/en_en\/wp-json\/wp\/v2\/users\/1"}],"replies":[{"embeddable":true,"href":"https:\/\/bam-avocats.fr\/en_en\/wp-json\/wp\/v2\/comments?post=2023"}],"version-history":[{"count":2,"href":"https:\/\/bam-avocats.fr\/en_en\/wp-json\/wp\/v2\/posts\/2023\/revisions"}],"predecessor-version":[{"id":2025,"href":"https:\/\/bam-avocats.fr\/en_en\/wp-json\/wp\/v2\/posts\/2023\/revisions\/2025"}],"wp:attachment":[{"href":"https:\/\/bam-avocats.fr\/en_en\/wp-json\/wp\/v2\/media?parent=2023"}],"wp:term":[{"taxonomy":"category","embeddable":true,"href":"https:\/\/bam-avocats.fr\/en_en\/wp-json\/wp\/v2\/categories?post=2023"},{"taxonomy":"post_tag","embeddable":true,"href":"https:\/\/bam-avocats.fr\/en_en\/wp-json\/wp\/v2\/tags?post=2023"}],"curies":[{"name":"wp","href":"https:\/\/api.w.org\/{rel}","templated":true}]}}