{"id":2020,"date":"2017-08-03T18:04:20","date_gmt":"2017-08-03T16:04:20","guid":{"rendered":"http:\/\/bam-avocats.fr\/?p=2020"},"modified":"2020-06-09T17:26:53","modified_gmt":"2020-06-09T15:26:53","slug":"beziers-le-prevenu-avait-insulte-tout-le-tribunal","status":"publish","type":"post","link":"https:\/\/bam-avocats.fr\/en_en\/beziers-le-prevenu-avait-insulte-tout-le-tribunal\/","title":{"rendered":"B\u00e9ziers : le pr\u00e9venu avait insult\u00e9 tout le tribunal"},"content":{"rendered":"<p><strong>Le jeune homme de 21 ans, a \u00e9t\u00e9 condamn\u00e9 \u00e0 six mois de prison.&nbsp;<\/strong><\/p>\n\n\n\n<p>Sylvie Duez, pr\u00e9sidente du tribunal, accueille le pr\u00e9venu directement arriv\u00e9 de la maison d\u2019arr\u00eat de B\u00e9ziers. Il est en train de purger une peine qui, tout cumul\u00e9, est de 4 ans. Son casier judiciaire fait \u00e9tat de dix-neuf mentions depuis 2012. \u00c0 21 ans, aujourd\u2019hui, le Toulousain est habitu\u00e9 aux outrages et r\u00e9bellions. Que ce soit face aux magistrats, forces de l\u2019ordre ou gardiens de prison. Le dernier date du 12 mai. Alors qu\u2019il est jug\u00e9 pour menaces sur un gardien du Gasquinoy , &#8220;qui me nargue tous les jours&#8221;, il s\u2019adresse \u00e0 Xavier Sicot, magistrat, avec ces mots\u2005: &#8220;\u2005Va te faire voir esp\u00e8ce d\u2019enc&#8230;, fils de p&#8230;&#8221;. &nbsp;Le tout en r\u00e9cidive l\u00e9gale.La pr\u00e9sidente, ses assesseurs et la greffi\u00e8re auront aussi droit \u00e0 quelques envol\u00e9es lyriques, du style\u2005: &#8220;\u2005Allez toutes n&#8230; vos m\u00e8res, les p&#8230;&#8221; Et d\u2019autres mots suivis de nouveaux points de suspension. Il a \u00e9t\u00e9 condamn\u00e9 \u00e0 deux ans pour cela.<\/p>\n\n\n\n<div class=\"wp-block-buttons is-layout-flex wp-block-buttons-is-layout-flex\">\n<div class=\"wp-block-button\"><a class=\"wp-block-button__link has-text-color has-very-light-gray-color has-background no-border-radius\" style=\"background-color:#d55955\" target=\"_blank\" rel=\"noreferrer noopener\">Voir l&#8217;article<\/a><\/div>\n<\/div>\n\n\n\n<p><\/p>","protected":false},"excerpt":{"rendered":"<p>Le jeune homme de 21 ans, a \u00e9t\u00e9 condamn\u00e9 \u00e0 six mois de prison. <\/p>","protected":false},"author":1,"featured_media":0,"comment_status":"closed","ping_status":"closed","sticky":false,"template":"","format":"standard","meta":{"footnotes":""},"categories":[1],"tags":[],"class_list":["post-2020","post","type-post","status-publish","format-standard","hentry","category-affaires-plaidees"],"_links":{"self":[{"href":"https:\/\/bam-avocats.fr\/en_en\/wp-json\/wp\/v2\/posts\/2020","targetHints":{"allow":["GET"]}}],"collection":[{"href":"https:\/\/bam-avocats.fr\/en_en\/wp-json\/wp\/v2\/posts"}],"about":[{"href":"https:\/\/bam-avocats.fr\/en_en\/wp-json\/wp\/v2\/types\/post"}],"author":[{"embeddable":true,"href":"https:\/\/bam-avocats.fr\/en_en\/wp-json\/wp\/v2\/users\/1"}],"replies":[{"embeddable":true,"href":"https:\/\/bam-avocats.fr\/en_en\/wp-json\/wp\/v2\/comments?post=2020"}],"version-history":[{"count":3,"href":"https:\/\/bam-avocats.fr\/en_en\/wp-json\/wp\/v2\/posts\/2020\/revisions"}],"predecessor-version":[{"id":2026,"href":"https:\/\/bam-avocats.fr\/en_en\/wp-json\/wp\/v2\/posts\/2020\/revisions\/2026"}],"wp:attachment":[{"href":"https:\/\/bam-avocats.fr\/en_en\/wp-json\/wp\/v2\/media?parent=2020"}],"wp:term":[{"taxonomy":"category","embeddable":true,"href":"https:\/\/bam-avocats.fr\/en_en\/wp-json\/wp\/v2\/categories?post=2020"},{"taxonomy":"post_tag","embeddable":true,"href":"https:\/\/bam-avocats.fr\/en_en\/wp-json\/wp\/v2\/tags?post=2020"}],"curies":[{"name":"wp","href":"https:\/\/api.w.org\/{rel}","templated":true}]}}