{"id":2018,"date":"2016-11-27T18:02:21","date_gmt":"2016-11-27T17:02:21","guid":{"rendered":"http:\/\/bam-avocats.fr\/?p=2018"},"modified":"2020-06-09T17:27:12","modified_gmt":"2020-06-09T15:27:12","slug":"beziers-il-vole-pour-4-500-e-de-fournitures-dans-une-grande-surface","status":"publish","type":"post","link":"https:\/\/bam-avocats.fr\/en_en\/beziers-il-vole-pour-4-500-e-de-fournitures-dans-une-grande-surface\/","title":{"rendered":"B\u00e9ziers : il vole pour 4 500 \u20ac de fournitures dans une grande surface"},"content":{"rendered":"<p><strong>Il voulait se payer son voyage retour en Bulgarie, il n\u2019ira que jusqu\u2019\u00e0 la maison d\u2019arr\u00eat du Gasquinoy en bas de B\u00e9ziers.<\/strong><\/p>\n\n\n\n<p>&#8220;Je vous jure madame, je n\u2019ai jamais vol\u00e9 de ma vie. J\u2019ai fait \u00e7a pour rentrer dans mon pays parce que je ne trouve pas de travail en France. L\u00e0-bas, je suis boulanger, j\u2019ai un m\u00e9tier&#8221;, insiste le pr\u00e9venu. Il est poursuivi pour avoir vol\u00e9 pour un peu plus de 4 500 \u20ac de marchandises, 72 jeux vid\u00e9o, des v\u00eatements et de la nourriture. Il a \u00e9t\u00e9 condamn\u00e9 \u00e0 six mois de prison et plac\u00e9 sous mandat de d\u00e9p\u00f4t.<\/p>\n\n\n\n<p>&#8220;Oui, c\u2019est vrai. Je suis arriv\u00e9 mardi, et je n\u2019ai pas trouv\u00e9 de travail parce que je ne parle pas fran\u00e7ais. Alors j\u2019ai d\u00e9cid\u00e9 de rentrer au pays. Je n\u2019ai jamais vol\u00e9 de ma vie.&#8221; Il oublie juste qu\u2019il y a quelques jours, il a \u00e9t\u00e9 interpell\u00e9 non loin d\u2019Aix-en-Provence, pour les m\u00eames faits de vols, avec un montant similaire.<\/p>\n\n\n\n<div class=\"wp-block-buttons is-layout-flex wp-block-buttons-is-layout-flex\">\n<div class=\"wp-block-button\"><a class=\"wp-block-button__link has-text-color has-very-light-gray-color has-background no-border-radius\" href=\"https:\/\/www.midilibre.fr\/2016\/11\/27\/il-vole-pour-4-500-eur-de-fournitures-dans-une-grande-surface,1431405.php\" style=\"background-color:#d55955\" target=\"_blank\" rel=\"noreferrer noopener\">Voir l&#8217;article<\/a><\/div>\n<\/div>","protected":false},"excerpt":{"rendered":"<p>Il voulait se payer son voyage retour en Bulgarie, il n\u2019ira que jusqu\u2019\u00e0 la maison d\u2019arr\u00eat du Gasquinoy en bas de B\u00e9ziers.<\/p>","protected":false},"author":1,"featured_media":0,"comment_status":"closed","ping_status":"closed","sticky":false,"template":"","format":"standard","meta":{"footnotes":""},"categories":[1],"tags":[],"class_list":["post-2018","post","type-post","status-publish","format-standard","hentry","category-affaires-plaidees"],"_links":{"self":[{"href":"https:\/\/bam-avocats.fr\/en_en\/wp-json\/wp\/v2\/posts\/2018","targetHints":{"allow":["GET"]}}],"collection":[{"href":"https:\/\/bam-avocats.fr\/en_en\/wp-json\/wp\/v2\/posts"}],"about":[{"href":"https:\/\/bam-avocats.fr\/en_en\/wp-json\/wp\/v2\/types\/post"}],"author":[{"embeddable":true,"href":"https:\/\/bam-avocats.fr\/en_en\/wp-json\/wp\/v2\/users\/1"}],"replies":[{"embeddable":true,"href":"https:\/\/bam-avocats.fr\/en_en\/wp-json\/wp\/v2\/comments?post=2018"}],"version-history":[{"count":2,"href":"https:\/\/bam-avocats.fr\/en_en\/wp-json\/wp\/v2\/posts\/2018\/revisions"}],"predecessor-version":[{"id":2027,"href":"https:\/\/bam-avocats.fr\/en_en\/wp-json\/wp\/v2\/posts\/2018\/revisions\/2027"}],"wp:attachment":[{"href":"https:\/\/bam-avocats.fr\/en_en\/wp-json\/wp\/v2\/media?parent=2018"}],"wp:term":[{"taxonomy":"category","embeddable":true,"href":"https:\/\/bam-avocats.fr\/en_en\/wp-json\/wp\/v2\/categories?post=2018"},{"taxonomy":"post_tag","embeddable":true,"href":"https:\/\/bam-avocats.fr\/en_en\/wp-json\/wp\/v2\/tags?post=2018"}],"curies":[{"name":"wp","href":"https:\/\/api.w.org\/{rel}","templated":true}]}}