{"id":2014,"date":"2017-11-24T17:57:51","date_gmt":"2017-11-24T16:57:51","guid":{"rendered":"http:\/\/bam-avocats.fr\/?p=2014"},"modified":"2020-06-09T17:27:29","modified_gmt":"2020-06-09T15:27:29","slug":"vols-en-serie-dans-lherault-quatre-suspects-ont-ete-juges-a-beziers","status":"publish","type":"post","link":"https:\/\/bam-avocats.fr\/en_en\/vols-en-serie-dans-lherault-quatre-suspects-ont-ete-juges-a-beziers\/","title":{"rendered":"Vols en s\u00e9rie dans l\u2019H\u00e9rault : quatre suspects ont \u00e9t\u00e9 jug\u00e9s \u00e0 B\u00e9ziers"},"content":{"rendered":"<p><strong>Ils \u00e9taient jug\u00e9s pour des faits commis \u00e0 Colombiers, Marseillan ou Balaruc-le-Vieux. Ils y avaient multipli\u00e9 les m\u00e9faits.<\/strong><\/p>\n\n\n\n<p>Ils sont quatre \u00e0 la barre, mais sont pr\u00e9sent\u00e9s par l\u2019avocate d\u2019un des pr\u00e9venus comme &#8220;les Pieds nickel\u00e9s&#8221; du vol en r\u00e9union. Leur plus gros fait d\u2019arme remonte au 19 octobre 2016. Nuit lors de laquelle l\u2019\u00e9quipe s\u2019\u00e9tait introduite dans la r\u00e9serve d\u2019un magasin Darty, \u00e0 Sevran (93), pour y d\u00e9rober quelque 17 000 \u20ac d\u2019articles \u00e9lectroniques qui n\u2019ont jamais \u00e9t\u00e9 retrouv\u00e9s : tablettes, ordinateurs portables et m\u00eame des, brosses \u00e0 dent \u00e9lectriques. Le reste est une longue errance au cours de laquelle les acolytes ont multipli\u00e9, avec plus ou moins de \u201csucc\u00e8s\u201d, des larcins, parfois d\u00e9risoires, principalement commis au pr\u00e9judice de commerces h\u00e9raultais, \u00e0 Colombiers et Marseillan notamment&#8230;<\/p>\n\n\n\n<div class=\"wp-block-buttons is-layout-flex wp-block-buttons-is-layout-flex\">\n<div class=\"wp-block-button\"><a class=\"wp-block-button__link has-text-color has-very-light-gray-color has-background no-border-radius\" href=\"https:\/\/www.midilibre.fr\/2017\/11\/24\/vols-en-serie-dans-l-herault-quatre-suspects-ont-ete-juges-a-beziers,1593858.php\" style=\"background-color:#d55955\" target=\"_blank\" rel=\"noreferrer noopener\">Voir l&#8217;article<\/a><\/div>\n<\/div>","protected":false},"excerpt":{"rendered":"<p>Ils \u00e9taient jug\u00e9s pour des faits commis \u00e0 Colombiers, Marseillan ou Balaruc-le-Vieux. Ils y avaient multipli\u00e9 les m\u00e9faits.<\/p>","protected":false},"author":1,"featured_media":0,"comment_status":"closed","ping_status":"closed","sticky":false,"template":"","format":"standard","meta":{"footnotes":""},"categories":[1],"tags":[],"class_list":["post-2014","post","type-post","status-publish","format-standard","hentry","category-affaires-plaidees"],"_links":{"self":[{"href":"https:\/\/bam-avocats.fr\/en_en\/wp-json\/wp\/v2\/posts\/2014","targetHints":{"allow":["GET"]}}],"collection":[{"href":"https:\/\/bam-avocats.fr\/en_en\/wp-json\/wp\/v2\/posts"}],"about":[{"href":"https:\/\/bam-avocats.fr\/en_en\/wp-json\/wp\/v2\/types\/post"}],"author":[{"embeddable":true,"href":"https:\/\/bam-avocats.fr\/en_en\/wp-json\/wp\/v2\/users\/1"}],"replies":[{"embeddable":true,"href":"https:\/\/bam-avocats.fr\/en_en\/wp-json\/wp\/v2\/comments?post=2014"}],"version-history":[{"count":3,"href":"https:\/\/bam-avocats.fr\/en_en\/wp-json\/wp\/v2\/posts\/2014\/revisions"}],"predecessor-version":[{"id":2028,"href":"https:\/\/bam-avocats.fr\/en_en\/wp-json\/wp\/v2\/posts\/2014\/revisions\/2028"}],"wp:attachment":[{"href":"https:\/\/bam-avocats.fr\/en_en\/wp-json\/wp\/v2\/media?parent=2014"}],"wp:term":[{"taxonomy":"category","embeddable":true,"href":"https:\/\/bam-avocats.fr\/en_en\/wp-json\/wp\/v2\/categories?post=2014"},{"taxonomy":"post_tag","embeddable":true,"href":"https:\/\/bam-avocats.fr\/en_en\/wp-json\/wp\/v2\/tags?post=2014"}],"curies":[{"name":"wp","href":"https:\/\/api.w.org\/{rel}","templated":true}]}}