{"id":2008,"date":"2018-09-17T17:38:58","date_gmt":"2018-09-17T15:38:58","guid":{"rendered":"http:\/\/bam-avocats.fr\/?p=2008"},"modified":"2020-06-09T17:27:50","modified_gmt":"2020-06-09T15:27:50","slug":"beziers-il-fabriquait-des-explosifs-chez-lui-trois-ans-de-prison-ferme","status":"publish","type":"post","link":"https:\/\/bam-avocats.fr\/en_en\/beziers-il-fabriquait-des-explosifs-chez-lui-trois-ans-de-prison-ferme\/","title":{"rendered":"B\u00e9ziers : il fabriquait des explosifs chez lui, trois ans de prison ferme"},"content":{"rendered":"<p><strong>Le Biterrois fabriquait chez lui du TATP, un explosif.&nbsp; Dans un contexte tr\u00e8s d\u00e9favorable, le tribunal n&#8217;a fait dans la demi-mesure et l&#8217;a condamn\u00e9 \u00e0 trois ans ferme.<\/strong><\/p>\n\n\n\n<p>Un&nbsp;&nbsp;&#8220;petit chimiste&#8221;&nbsp;de 26 ans, \u00e0 la curiosit\u00e9 trop malsaine, a \u00e9t\u00e9 condamn\u00e9 ce lundi par le tribunal de B\u00e9ziers&nbsp;a 3 ans de prison ferme et une interdiction d&#8217;armes pendant dix ans&#8230;<\/p>\n\n\n\n<div class=\"wp-block-buttons is-layout-flex wp-block-buttons-is-layout-flex\">\n<div class=\"wp-block-button is-style-fill\"><a class=\"wp-block-button__link has-text-color has-very-light-gray-color has-background no-border-radius\" href=\"https:\/\/www.midilibre.fr\/2018\/09\/17\/beziers-le-tribunal-condamne-le-fabricant-dexplosif-a-3-ans-de-prison-ferme,4699802.php?fbclid=IwAR1nNHDOdrxxL9SHy_v4e8iap75x3d5RZ8C5yj-wp--1q2NERibnB3l2HZA\" style=\"background-color:#d55955\" target=\"_blank\" rel=\"noreferrer noopener\">Voir l&#8217;article<\/a><\/div>\n<\/div>","protected":false},"excerpt":{"rendered":"<p>Le Biterrois fabriquait chez lui du TATP, un explosif.  Dans un contexte tr\u00e8s d\u00e9favorable, le tribunal n&#8217;a fait dans la demi-mesure et l&#8217;a condamn\u00e9 \u00e0 trois ans ferme.<\/p>","protected":false},"author":1,"featured_media":0,"comment_status":"closed","ping_status":"closed","sticky":false,"template":"","format":"standard","meta":{"footnotes":""},"categories":[1],"tags":[],"class_list":["post-2008","post","type-post","status-publish","format-standard","hentry","category-affaires-plaidees"],"_links":{"self":[{"href":"https:\/\/bam-avocats.fr\/en_en\/wp-json\/wp\/v2\/posts\/2008","targetHints":{"allow":["GET"]}}],"collection":[{"href":"https:\/\/bam-avocats.fr\/en_en\/wp-json\/wp\/v2\/posts"}],"about":[{"href":"https:\/\/bam-avocats.fr\/en_en\/wp-json\/wp\/v2\/types\/post"}],"author":[{"embeddable":true,"href":"https:\/\/bam-avocats.fr\/en_en\/wp-json\/wp\/v2\/users\/1"}],"replies":[{"embeddable":true,"href":"https:\/\/bam-avocats.fr\/en_en\/wp-json\/wp\/v2\/comments?post=2008"}],"version-history":[{"count":6,"href":"https:\/\/bam-avocats.fr\/en_en\/wp-json\/wp\/v2\/posts\/2008\/revisions"}],"predecessor-version":[{"id":2029,"href":"https:\/\/bam-avocats.fr\/en_en\/wp-json\/wp\/v2\/posts\/2008\/revisions\/2029"}],"wp:attachment":[{"href":"https:\/\/bam-avocats.fr\/en_en\/wp-json\/wp\/v2\/media?parent=2008"}],"wp:term":[{"taxonomy":"category","embeddable":true,"href":"https:\/\/bam-avocats.fr\/en_en\/wp-json\/wp\/v2\/categories?post=2008"},{"taxonomy":"post_tag","embeddable":true,"href":"https:\/\/bam-avocats.fr\/en_en\/wp-json\/wp\/v2\/tags?post=2008"}],"curies":[{"name":"wp","href":"https:\/\/api.w.org\/{rel}","templated":true}]}}