{"id":2042,"date":"2017-01-20T18:21:20","date_gmt":"2017-01-20T17:21:20","guid":{"rendered":"http:\/\/bam-avocats.fr\/?p=2042"},"modified":"2020-06-09T17:23:41","modified_gmt":"2020-06-09T15:23:41","slug":"beziers-condamne-pour-avoir-insulte-un-enfant-de-8-ans-sur-facebook","status":"publish","type":"post","link":"http:\/\/bam-avocats.fr\/en_en\/beziers-condamne-pour-avoir-insulte-un-enfant-de-8-ans-sur-facebook\/","title":{"rendered":"B\u00e9ziers : condamn\u00e9 pour avoir insult\u00e9 un enfant de 8 ans sur Facebook"},"content":{"rendered":"<p><strong>Un homme avait trait\u00e9 une enfant de 8 ans de &#8220;gros porc&#8221; sur Facebook. Il a \u00e9t\u00e9 condamn\u00e9 vendredi \u00e0 1 000 \u20ac d&#8217;amende et 4 000 \u20ac de dommages et int\u00e9r\u00eats par le tribunal de B\u00e9ziers.<\/strong><\/p>\n\n\n\n<p>Ce petit Agathois, \u00e2g\u00e9 de 8 ans, souffrant d\u2019un rhume de la hanche, \u00e9tait contraint de se d\u00e9placer en fauteuil roulant. En janvier&nbsp;2016, une femme de m\u00e9nage, dans son \u00e9cole, l\u2019aide \u00e0 franchir un obstacle mais se d\u00e9chire un muscle. On la place en arr\u00eat maladie. Sur sa page Facebook, elle tient \u00e0 se justifier, nie \u00eatre une tire-au-flanc. Le mari ajoute alors un commentaire : &#8220;Ma femme a juste essay\u00e9 de soulever une esp\u00e8ce de gros porc \u00e9lev\u00e9 \u00e0 la poudre ou \u00e0 coups de hamburgers. Moi je t\u2019aurais fait courir ce gros lard&#8221;.<\/p>\n\n\n\n<p>On tient inform\u00e9 la maman de l\u2019enfant, de la publication de ce commentaire. Le 1er&nbsp;avril, elle cite directement son auteur devant le tribunal correctionnel pour injure publique. Vendredi matin, l&#8217;homme a \u00e9t\u00e9 condamn\u00e9 vendredi \u00e0 1 000 \u20ac d&#8217;amende et 4 000 \u20ac de dommages et int\u00e9r\u00eats par le tribunal correctionnel de B\u00e9ziers.<\/p>\n\n\n\n<div class=\"wp-block-buttons is-layout-flex wp-block-buttons-is-layout-flex\">\n<div class=\"wp-block-button\"><a class=\"wp-block-button__link has-text-color has-very-light-gray-color has-background no-border-radius\" href=\"https:\/\/www.midilibre.fr\/2016\/12\/11\/son-fils-de-8-ans-se-fait-insulter-sur-internet-par-un-adulte,1438470.php\" style=\"background-color:#d55955\" target=\"_blank\" rel=\"noreferrer noopener\">Voir l&#8217;article<\/a><\/div>\n<\/div>","protected":false},"excerpt":{"rendered":"<p>Un homme avait trait\u00e9 une enfant de 8 ans de &#8220;gros porc&#8221; sur Facebook. Il a \u00e9t\u00e9 condamn\u00e9 vendredi \u00e0 1 000 \u20ac d&#8217;amende et 4 000 \u20ac de dommages et int\u00e9r\u00eats par le tribunal de B\u00e9ziers.<\/p>","protected":false},"author":1,"featured_media":0,"comment_status":"closed","ping_status":"closed","sticky":false,"template":"","format":"standard","meta":{"footnotes":""},"categories":[1],"tags":[],"class_list":["post-2042","post","type-post","status-publish","format-standard","hentry","category-affaires-plaidees"],"_links":{"self":[{"href":"http:\/\/bam-avocats.fr\/en_en\/wp-json\/wp\/v2\/posts\/2042","targetHints":{"allow":["GET"]}}],"collection":[{"href":"http:\/\/bam-avocats.fr\/en_en\/wp-json\/wp\/v2\/posts"}],"about":[{"href":"http:\/\/bam-avocats.fr\/en_en\/wp-json\/wp\/v2\/types\/post"}],"author":[{"embeddable":true,"href":"http:\/\/bam-avocats.fr\/en_en\/wp-json\/wp\/v2\/users\/1"}],"replies":[{"embeddable":true,"href":"http:\/\/bam-avocats.fr\/en_en\/wp-json\/wp\/v2\/comments?post=2042"}],"version-history":[{"count":3,"href":"http:\/\/bam-avocats.fr\/en_en\/wp-json\/wp\/v2\/posts\/2042\/revisions"}],"predecessor-version":[{"id":2058,"href":"http:\/\/bam-avocats.fr\/en_en\/wp-json\/wp\/v2\/posts\/2042\/revisions\/2058"}],"wp:attachment":[{"href":"http:\/\/bam-avocats.fr\/en_en\/wp-json\/wp\/v2\/media?parent=2042"}],"wp:term":[{"taxonomy":"category","embeddable":true,"href":"http:\/\/bam-avocats.fr\/en_en\/wp-json\/wp\/v2\/categories?post=2042"},{"taxonomy":"post_tag","embeddable":true,"href":"http:\/\/bam-avocats.fr\/en_en\/wp-json\/wp\/v2\/tags?post=2042"}],"curies":[{"name":"wp","href":"https:\/\/api.w.org\/{rel}","templated":true}]}}